{"id":103,"date":"2025-11-22T13:03:18","date_gmt":"2025-11-22T13:03:18","guid":{"rendered":"https:\/\/bettytalks.com\/?p=103"},"modified":"2025-11-22T13:03:21","modified_gmt":"2025-11-22T13:03:21","slug":"frida-yine-sahneyi-yakti","status":"publish","type":"post","link":"https:\/\/bettytalks.com\/?p=103","title":{"rendered":"Frida Yine Sahneyi Yakt\u0131!"},"content":{"rendered":"\n<h2 class=\"wp-block-heading\"><strong>BettyTalks Sunar:<\/strong><\/h2>\n\n\n\n<h1 class=\"wp-block-heading\"><strong>\u201cEl Sue\u00f1o (La Cama)\u201d \u2014 R\u00fcya \/ Yatak<\/strong><\/h1>\n\n\n\n<p>Frida Kahlo, \u201cka\u015flar\u0131 tek \u00e7izgi, fiyatlar\u0131 \u00e7ok \u00e7izgi\u201d kul\u00fcb\u00fcn\u00fcn onursal ba\u015fkan\u0131 olmay\u0131 bir kez daha kan\u0131tlad\u0131.<br>New York\u2019ta d\u00fczenlenen bir m\u00fczayedede, 1940 tarihli otoportresi tam&nbsp;<strong>54,7 milyon dolara<\/strong>&nbsp;sat\u0131ld\u0131.<br>Evet, yanl\u0131\u015f okumad\u0131n: bir tablo, bir servet, bir Frida etkisi.<\/p>\n\n\n\n<p>Bu sat\u0131\u015fla birlikte Frida, kad\u0131n sanat\u00e7\u0131lar aras\u0131nda\u00a0<strong>tarihin en y\u00fcksek fiyat rekorunu<\/strong>\u00a0k\u0131rd\u0131.<br>Georgia O\u2019Keeffe\u2019nin 44,4 milyon dolarl\u0131k rekoru hafif\u00e7e yana \u00e7ekildi; \u00e7\u00fcnk\u00fc Frida sahneye girdi. <\/p>\n\n\n\n<hr class=\"wp-block-separator has-alpha-channel-opacity\"\/>\n\n\n\n<figure class=\"wp-block-gallery has-nested-images columns-default is-cropped wp-block-gallery-1 is-layout-flex wp-block-gallery-is-layout-flex\">\n<figure class=\"wp-block-image size-large\"><img loading=\"lazy\" decoding=\"async\" width=\"708\" height=\"1024\" data-id=\"108\" src=\"https:\/\/bettytalks.com\/wp-content\/uploads\/2025\/11\/IMG_0543-708x1024.jpg\" alt=\"\" class=\"wp-image-108\" srcset=\"https:\/\/bettytalks.com\/wp-content\/uploads\/2025\/11\/IMG_0543-708x1024.jpg 708w, https:\/\/bettytalks.com\/wp-content\/uploads\/2025\/11\/IMG_0543-208x300.jpg 208w, https:\/\/bettytalks.com\/wp-content\/uploads\/2025\/11\/IMG_0543.jpg 750w\" sizes=\"auto, (max-width: 708px) 100vw, 708px\" \/><\/figure>\n<\/figure>\n\n\n\n<h3 class=\"wp-block-heading\"><strong>Yatakta Do\u011fan Sanat<\/strong><\/h3>\n\n\n\n<p>Frida Kahlo\u2019nun hayat\u0131nda&nbsp;<em>yatak<\/em>, s\u0131radan bir mobilya de\u011fildir.<br>Bazen bir hapishane, bazen bir s\u0131\u011f\u0131nak, bazen de sanat\u0131n\u0131n do\u011fdu\u011fu gizli evren\u2026<\/p>\n\n\n\n<p>1940 y\u0131l\u0131na geldi\u011fimizde Frida yine yaln\u0131z, yine k\u0131r\u0131lgan, yine i\u00e7 d\u00fcnyas\u0131n\u0131n k\u0131vr\u0131mlar\u0131na g\u00f6m\u00fclm\u00fc\u015f haldeydi.<br>Sa\u011fl\u0131k sorunlar\u0131 onu s\u0131k s\u0131k yata\u011fa mahk\u00fbm ediyor, Diego ise duygusal bir f\u0131rt\u0131na gibi oradan oraya savruluyordu.<\/p>\n\n\n\n<p>Ve i\u015fte o d\u00f6nemde, Frida yeni bir tabloya ba\u015flad\u0131:<br><strong>\u201cEl Sue\u00f1o (La Cama)\u201d \u2014 R\u00fcya \/ Yatak<\/strong><\/p>\n\n\n\n<hr class=\"wp-block-separator has-alpha-channel-opacity\"\/>\n\n\n\n<h3 class=\"wp-block-heading\"><strong>\u00d6l\u00fcmle Samimi Bir Sohbet<\/strong><\/h3>\n\n\n\n<p>Tablonun merkezinde Frida yat\u0131yor.<br>Ba\u015f\u0131n\u0131n \u00fczerinde teatral bir \u015fekilde yerle\u015ftirilmi\u015f bir&nbsp;<strong>iskelet<\/strong>&nbsp;var:<br>Meksika k\u00fclt\u00fcr\u00fcn\u00fcn \u00f6l\u00fcmle dans eden y\u00fcz\u00fc.<br>Ama korkutucu de\u011fil \u2014 d\u00fcr\u00fcst, hatta tan\u0131d\u0131k.<\/p>\n\n\n\n<p>Sanki iskelet f\u0131s\u0131ld\u0131yor:<\/p>\n\n\n\n<blockquote class=\"wp-block-quote is-layout-flow wp-block-quote-is-layout-flow\">\n<p>\u201cBen buraday\u0131m. Hayat\u0131nla birlikteyim. Korkutmak i\u00e7in de\u011fil, anlaman i\u00e7in.\u201d<\/p>\n<\/blockquote>\n\n\n\n<p>\u00c7i\u00e7ekler, yast\u0131klar, battaniyenin canl\u0131 renkleri\u2026<br>Hepsi Frida\u2019n\u0131n inat\u00e7\u0131 ne\u015fesini, ac\u0131n\u0131n i\u00e7inden bile renk \u00e7\u0131karma becerisini anlat\u0131yor.<\/p>\n\n\n\n<hr class=\"wp-block-separator has-alpha-channel-opacity\"\/>\n\n\n\n<div class=\"wp-block-group is-nowrap is-layout-flex wp-container-core-group-is-layout-ad2f72ca wp-block-group-is-layout-flex\">\n<figure class=\"wp-block-image size-full\"><img loading=\"lazy\" decoding=\"async\" width=\"648\" height=\"496\" src=\"https:\/\/bettytalks.com\/wp-content\/uploads\/2025\/11\/IMG_0542.jpg\" alt=\"\" class=\"wp-image-104\" srcset=\"https:\/\/bettytalks.com\/wp-content\/uploads\/2025\/11\/IMG_0542.jpg 648w, https:\/\/bettytalks.com\/wp-content\/uploads\/2025\/11\/IMG_0542-300x230.jpg 300w\" sizes=\"auto, (max-width: 648px) 100vw, 648px\" \/><\/figure>\n\n\n\n<p><\/p>\n<\/div>\n\n\n\n<h3 class=\"wp-block-heading\"><strong>Bir R\u00fcyan\u0131n Ger\u00e7e\u011fe D\u00f6n\u00fc\u015f\u00fc<\/strong><\/h3>\n\n\n\n<p>Frida bu tabloda sadece bir r\u00fcyay\u0131 de\u011fil, iki u\u00e7 aras\u0131nda kalan bir ya\u015fam\u0131 resmetti:<br><strong>Ya\u015fam ve \u00f6l\u00fcm. Ac\u0131 ve diren\u00e7. Yaln\u0131zl\u0131k ve sadakat.<\/strong><\/p>\n\n\n\n<p>Sanki kendi kendine diyordu:<\/p>\n\n\n\n<blockquote class=\"wp-block-quote is-layout-flow wp-block-quote-is-layout-flow\">\n<p>\u201cBedenim k\u0131r\u0131labilir ama ruhum benden izin almad\u0131k\u00e7a hi\u00e7bir yere gitmez.\u201d<\/p>\n<\/blockquote>\n\n\n\n<p>Sanat tarih\u00e7ileri bu tabloyu Frida\u2019n\u0131n \u00f6l\u00fcmle kurdu\u011fu ironik dostlu\u011fun bir kan\u0131t\u0131 olarak g\u00f6r\u00fcyor.<br>Kimi i\u00e7in bu, kendi \u00f6l\u00fcm\u00fcne at\u0131lm\u0131\u015f mizahi bir selam;<br>kimi i\u00e7inse, ameliyatlar\u0131n g\u00f6lgesinde ya\u015famaya al\u0131\u015fm\u0131\u015f bir kad\u0131n\u0131n cesur y\u00fczle\u015fmesi.<\/p>\n\n\n\n<p>Ama herkesin hemfikir oldu\u011fu bir \u015fey var:<br>Bu tablo, Frida\u2019n\u0131n en i\u00e7sel, en d\u00fcr\u00fcst, en \u00e7\u0131plak anlat\u0131m\u0131.<\/p>\n\n\n\n<hr class=\"wp-block-separator has-alpha-channel-opacity\"\/>\n\n\n\n<h3 class=\"wp-block-heading\"><strong>Ve Sonunda\u2026<\/strong><\/h3>\n\n\n\n<p>Y\u0131llar sonra Frida\u2019n\u0131n bu&nbsp;<em>r\u00fcyas\u0131<\/em>,<br>yata\u011f\u0131nda g\u00f6rd\u00fc\u011f\u00fc o tuhaf ama b\u00fcy\u00fcleyici sahne,<br>tam&nbsp;<strong>54,7 milyon dolara<\/strong>&nbsp;sat\u0131ld\u0131.<\/p>\n\n\n\n<p>Ama mesele fiyat de\u011fil.<br>As\u0131l b\u00fcy\u00fc, Frida\u2019n\u0131n kendi karanl\u0131\u011f\u0131n\u0131 b\u00f6ylesine renklerle anlatabilmesinde.<\/p>\n","protected":false},"excerpt":{"rendered":"<p>BettyTalks Sunar: \u201cEl Sue\u00f1o (La Cama)\u201d \u2014 R\u00fcya \/ Yatak Frida Kahlo, \u201cka\u015flar\u0131 tek \u00e7izgi, fiyatlar\u0131 \u00e7ok \u00e7izgi\u201d kul\u00fcb\u00fcn\u00fcn onursal ba\u015fkan\u0131 olmay\u0131 bir kez daha kan\u0131tlad\u0131.New York\u2019ta d\u00fczenlenen bir m\u00fczayedede, 1940 tarihli otoportresi tam&nbsp;54,7 milyon dolara&nbsp;sat\u0131ld\u0131.Evet, yanl\u0131\u015f okumad\u0131n: bir tablo, bir servet, bir Frida etkisi. Bu sat\u0131\u015fla birlikte Frida, kad\u0131n sanat\u00e7\u0131lar aras\u0131nda\u00a0tarihin en y\u00fcksek fiyat &hellip; <\/p>\n","protected":false},"author":1,"featured_media":105,"comment_status":"open","ping_status":"open","sticky":false,"template":"","format":"standard","meta":{"_jetpack_memberships_contains_paid_content":false,"footnotes":""},"categories":[5],"tags":[],"class_list":["post-103","post","type-post","status-publish","format-standard","has-post-thumbnail","hentry","category-go"],"yoast_head":"<!-- This site is optimized with the Yoast SEO plugin v25.1 - https:\/\/yoast.com\/wordpress\/plugins\/seo\/ -->\n<title>Frida Yine Sahneyi Yakt\u0131! - bettytalks<\/title>\n<meta name=\"robots\" content=\"index, follow, max-snippet:-1, max-image-preview:large, max-video-preview:-1\" \/>\n<link rel=\"canonical\" href=\"https:\/\/bettytalks.com\/?p=103\" \/>\n<meta property=\"og:locale\" content=\"tr_TR\" \/>\n<meta property=\"og:type\" content=\"article\" \/>\n<meta property=\"og:title\" content=\"Frida Yine Sahneyi Yakt\u0131! - bettytalks\" \/>\n<meta property=\"og:description\" content=\"BettyTalks Sunar: \u201cEl Sue\u00f1o (La Cama)\u201d \u2014 R\u00fcya \/ Yatak Frida Kahlo, \u201cka\u015flar\u0131 tek \u00e7izgi, fiyatlar\u0131 \u00e7ok \u00e7izgi\u201d kul\u00fcb\u00fcn\u00fcn onursal ba\u015fkan\u0131 olmay\u0131 bir kez daha kan\u0131tlad\u0131.New York\u2019ta d\u00fczenlenen bir m\u00fczayedede, 1940 tarihli otoportresi tam&nbsp;54,7 milyon dolara&nbsp;sat\u0131ld\u0131.Evet, yanl\u0131\u015f okumad\u0131n: bir tablo, bir servet, bir Frida etkisi. Bu sat\u0131\u015fla birlikte Frida, kad\u0131n sanat\u00e7\u0131lar aras\u0131nda\u00a0tarihin en y\u00fcksek fiyat &hellip;\" \/>\n<meta property=\"og:url\" content=\"https:\/\/bettytalks.com\/?p=103\" \/>\n<meta property=\"og:site_name\" content=\"bettytalks\" \/>\n<meta property=\"article:published_time\" content=\"2025-11-22T13:03:18+00:00\" \/>\n<meta property=\"article:modified_time\" content=\"2025-11-22T13:03:21+00:00\" \/>\n<meta property=\"og:image\" content=\"https:\/\/bettytalks.com\/wp-content\/uploads\/2025\/11\/IMG_0539.jpg\" \/>\n\t<meta property=\"og:image:width\" content=\"499\" \/>\n\t<meta property=\"og:image:height\" content=\"799\" \/>\n\t<meta property=\"og:image:type\" content=\"image\/jpeg\" \/>\n<meta name=\"author\" content=\"admin\" \/>\n<meta name=\"twitter:card\" content=\"summary_large_image\" \/>\n<meta name=\"twitter:label1\" content=\"Yazan:\" \/>\n\t<meta name=\"twitter:data1\" content=\"admin\" \/>\n\t<meta name=\"twitter:label2\" content=\"Tahmini okuma s\u00fcresi\" \/>\n\t<meta name=\"twitter:data2\" content=\"3 dakika\" \/>\n<script type=\"application\/ld+json\" class=\"yoast-schema-graph\">{\"@context\":\"https:\/\/schema.org\",\"@graph\":[{\"@type\":\"WebPage\",\"@id\":\"https:\/\/bettytalks.com\/?p=103\",\"url\":\"https:\/\/bettytalks.com\/?p=103\",\"name\":\"Frida Yine Sahneyi Yakt\u0131! - bettytalks\",\"isPartOf\":{\"@id\":\"https:\/\/bettytalks.com\/#website\"},\"primaryImageOfPage\":{\"@id\":\"https:\/\/bettytalks.com\/?p=103#primaryimage\"},\"image\":{\"@id\":\"https:\/\/bettytalks.com\/?p=103#primaryimage\"},\"thumbnailUrl\":\"https:\/\/bettytalks.com\/wp-content\/uploads\/2025\/11\/IMG_0539.jpg\",\"datePublished\":\"2025-11-22T13:03:18+00:00\",\"dateModified\":\"2025-11-22T13:03:21+00:00\",\"author\":{\"@id\":\"https:\/\/bettytalks.com\/#\/schema\/person\/caff09b62c6ce956501d8b353fe4d922\"},\"breadcrumb\":{\"@id\":\"https:\/\/bettytalks.com\/?p=103#breadcrumb\"},\"inLanguage\":\"tr\",\"potentialAction\":[{\"@type\":\"ReadAction\",\"target\":[\"https:\/\/bettytalks.com\/?p=103\"]}]},{\"@type\":\"ImageObject\",\"inLanguage\":\"tr\",\"@id\":\"https:\/\/bettytalks.com\/?p=103#primaryimage\",\"url\":\"https:\/\/bettytalks.com\/wp-content\/uploads\/2025\/11\/IMG_0539.jpg\",\"contentUrl\":\"https:\/\/bettytalks.com\/wp-content\/uploads\/2025\/11\/IMG_0539.jpg\",\"width\":499,\"height\":799},{\"@type\":\"BreadcrumbList\",\"@id\":\"https:\/\/bettytalks.com\/?p=103#breadcrumb\",\"itemListElement\":[{\"@type\":\"ListItem\",\"position\":1,\"name\":\"Anasayfa\",\"item\":\"https:\/\/bettytalks.com\/\"},{\"@type\":\"ListItem\",\"position\":2,\"name\":\"Frida Yine Sahneyi Yakt\u0131!\"}]},{\"@type\":\"WebSite\",\"@id\":\"https:\/\/bettytalks.com\/#website\",\"url\":\"https:\/\/bettytalks.com\/\",\"name\":\"bettytalks\",\"description\":\"\u0130\u00e7inizi \u0131s\u0131tan her \u015fey gibi: Zarif ve ilham dolu\",\"potentialAction\":[{\"@type\":\"SearchAction\",\"target\":{\"@type\":\"EntryPoint\",\"urlTemplate\":\"https:\/\/bettytalks.com\/?s={search_term_string}\"},\"query-input\":{\"@type\":\"PropertyValueSpecification\",\"valueRequired\":true,\"valueName\":\"search_term_string\"}}],\"inLanguage\":\"tr\"},{\"@type\":\"Person\",\"@id\":\"https:\/\/bettytalks.com\/#\/schema\/person\/caff09b62c6ce956501d8b353fe4d922\",\"name\":\"admin\",\"image\":{\"@type\":\"ImageObject\",\"inLanguage\":\"tr\",\"@id\":\"https:\/\/bettytalks.com\/#\/schema\/person\/image\/\",\"url\":\"https:\/\/secure.gravatar.com\/avatar\/13de82621317e689218440d3a88a65d95e484350dacd7e83563eaa856f8d2b0a?s=96&d=mm&r=g\",\"contentUrl\":\"https:\/\/secure.gravatar.com\/avatar\/13de82621317e689218440d3a88a65d95e484350dacd7e83563eaa856f8d2b0a?s=96&d=mm&r=g\",\"caption\":\"admin\"},\"sameAs\":[\"https:\/\/bettytalks.com\"],\"url\":\"https:\/\/bettytalks.com\/?author=1\"}]}<\/script>\n<!-- \/ Yoast SEO plugin. -->","yoast_head_json":{"title":"Frida Yine Sahneyi Yakt\u0131! - bettytalks","robots":{"index":"index","follow":"follow","max-snippet":"max-snippet:-1","max-image-preview":"max-image-preview:large","max-video-preview":"max-video-preview:-1"},"canonical":"https:\/\/bettytalks.com\/?p=103","og_locale":"tr_TR","og_type":"article","og_title":"Frida Yine Sahneyi Yakt\u0131! - bettytalks","og_description":"BettyTalks Sunar: \u201cEl Sue\u00f1o (La Cama)\u201d \u2014 R\u00fcya \/ Yatak Frida Kahlo, \u201cka\u015flar\u0131 tek \u00e7izgi, fiyatlar\u0131 \u00e7ok \u00e7izgi\u201d kul\u00fcb\u00fcn\u00fcn onursal ba\u015fkan\u0131 olmay\u0131 bir kez daha kan\u0131tlad\u0131.New York\u2019ta d\u00fczenlenen bir m\u00fczayedede, 1940 tarihli otoportresi tam&nbsp;54,7 milyon dolara&nbsp;sat\u0131ld\u0131.Evet, yanl\u0131\u015f okumad\u0131n: bir tablo, bir servet, bir Frida etkisi. Bu sat\u0131\u015fla birlikte Frida, kad\u0131n sanat\u00e7\u0131lar aras\u0131nda\u00a0tarihin en y\u00fcksek fiyat &hellip;","og_url":"https:\/\/bettytalks.com\/?p=103","og_site_name":"bettytalks","article_published_time":"2025-11-22T13:03:18+00:00","article_modified_time":"2025-11-22T13:03:21+00:00","og_image":[{"width":499,"height":799,"url":"https:\/\/bettytalks.com\/wp-content\/uploads\/2025\/11\/IMG_0539.jpg","type":"image\/jpeg"}],"author":"admin","twitter_card":"summary_large_image","twitter_misc":{"Yazan:":"admin","Tahmini okuma s\u00fcresi":"3 dakika"},"schema":{"@context":"https:\/\/schema.org","@graph":[{"@type":"WebPage","@id":"https:\/\/bettytalks.com\/?p=103","url":"https:\/\/bettytalks.com\/?p=103","name":"Frida Yine Sahneyi Yakt\u0131! - bettytalks","isPartOf":{"@id":"https:\/\/bettytalks.com\/#website"},"primaryImageOfPage":{"@id":"https:\/\/bettytalks.com\/?p=103#primaryimage"},"image":{"@id":"https:\/\/bettytalks.com\/?p=103#primaryimage"},"thumbnailUrl":"https:\/\/bettytalks.com\/wp-content\/uploads\/2025\/11\/IMG_0539.jpg","datePublished":"2025-11-22T13:03:18+00:00","dateModified":"2025-11-22T13:03:21+00:00","author":{"@id":"https:\/\/bettytalks.com\/#\/schema\/person\/caff09b62c6ce956501d8b353fe4d922"},"breadcrumb":{"@id":"https:\/\/bettytalks.com\/?p=103#breadcrumb"},"inLanguage":"tr","potentialAction":[{"@type":"ReadAction","target":["https:\/\/bettytalks.com\/?p=103"]}]},{"@type":"ImageObject","inLanguage":"tr","@id":"https:\/\/bettytalks.com\/?p=103#primaryimage","url":"https:\/\/bettytalks.com\/wp-content\/uploads\/2025\/11\/IMG_0539.jpg","contentUrl":"https:\/\/bettytalks.com\/wp-content\/uploads\/2025\/11\/IMG_0539.jpg","width":499,"height":799},{"@type":"BreadcrumbList","@id":"https:\/\/bettytalks.com\/?p=103#breadcrumb","itemListElement":[{"@type":"ListItem","position":1,"name":"Anasayfa","item":"https:\/\/bettytalks.com\/"},{"@type":"ListItem","position":2,"name":"Frida Yine Sahneyi Yakt\u0131!"}]},{"@type":"WebSite","@id":"https:\/\/bettytalks.com\/#website","url":"https:\/\/bettytalks.com\/","name":"bettytalks","description":"\u0130\u00e7inizi \u0131s\u0131tan her \u015fey gibi: Zarif ve ilham dolu","potentialAction":[{"@type":"SearchAction","target":{"@type":"EntryPoint","urlTemplate":"https:\/\/bettytalks.com\/?s={search_term_string}"},"query-input":{"@type":"PropertyValueSpecification","valueRequired":true,"valueName":"search_term_string"}}],"inLanguage":"tr"},{"@type":"Person","@id":"https:\/\/bettytalks.com\/#\/schema\/person\/caff09b62c6ce956501d8b353fe4d922","name":"admin","image":{"@type":"ImageObject","inLanguage":"tr","@id":"https:\/\/bettytalks.com\/#\/schema\/person\/image\/","url":"https:\/\/secure.gravatar.com\/avatar\/13de82621317e689218440d3a88a65d95e484350dacd7e83563eaa856f8d2b0a?s=96&d=mm&r=g","contentUrl":"https:\/\/secure.gravatar.com\/avatar\/13de82621317e689218440d3a88a65d95e484350dacd7e83563eaa856f8d2b0a?s=96&d=mm&r=g","caption":"admin"},"sameAs":["https:\/\/bettytalks.com"],"url":"https:\/\/bettytalks.com\/?author=1"}]}},"jetpack_featured_media_url":"https:\/\/bettytalks.com\/wp-content\/uploads\/2025\/11\/IMG_0539.jpg","jetpack_sharing_enabled":true,"_links":{"self":[{"href":"https:\/\/bettytalks.com\/index.php?rest_route=\/wp\/v2\/posts\/103","targetHints":{"allow":["GET"]}}],"collection":[{"href":"https:\/\/bettytalks.com\/index.php?rest_route=\/wp\/v2\/posts"}],"about":[{"href":"https:\/\/bettytalks.com\/index.php?rest_route=\/wp\/v2\/types\/post"}],"author":[{"embeddable":true,"href":"https:\/\/bettytalks.com\/index.php?rest_route=\/wp\/v2\/users\/1"}],"replies":[{"embeddable":true,"href":"https:\/\/bettytalks.com\/index.php?rest_route=%2Fwp%2Fv2%2Fcomments&post=103"}],"version-history":[{"count":1,"href":"https:\/\/bettytalks.com\/index.php?rest_route=\/wp\/v2\/posts\/103\/revisions"}],"predecessor-version":[{"id":109,"href":"https:\/\/bettytalks.com\/index.php?rest_route=\/wp\/v2\/posts\/103\/revisions\/109"}],"wp:featuredmedia":[{"embeddable":true,"href":"https:\/\/bettytalks.com\/index.php?rest_route=\/wp\/v2\/media\/105"}],"wp:attachment":[{"href":"https:\/\/bettytalks.com\/index.php?rest_route=%2Fwp%2Fv2%2Fmedia&parent=103"}],"wp:term":[{"taxonomy":"category","embeddable":true,"href":"https:\/\/bettytalks.com\/index.php?rest_route=%2Fwp%2Fv2%2Fcategories&post=103"},{"taxonomy":"post_tag","embeddable":true,"href":"https:\/\/bettytalks.com\/index.php?rest_route=%2Fwp%2Fv2%2Ftags&post=103"}],"curies":[{"name":"wp","href":"https:\/\/api.w.org\/{rel}","templated":true}]}}