{"id":38,"date":"2025-06-29T18:19:50","date_gmt":"2025-06-29T18:19:50","guid":{"rendered":"https:\/\/bettytalks.com\/?p=38"},"modified":"2025-06-29T18:51:55","modified_gmt":"2025-06-29T18:51:55","slug":"the-kiss","status":"publish","type":"post","link":"https:\/\/bettytalks.com\/?p=38","title":{"rendered":"The Kiss"},"content":{"rendered":"\n<p><strong>Alt\u0131ndan \u00d6r\u00fclm\u00fc\u015f Sessizlik: <\/strong><strong><em>The Kiss<\/em><\/strong><strong>\u2019in \u0130\u00e7ine D\u00fc\u015ferken<\/strong><\/p>\n\n\n\n<p><strong>Betty<\/strong><\/p>\n\n\n\n<p>Ayaklar\u0131m\u0131n alt\u0131ndaki zemin yava\u015f\u00e7a eriyor. Renkler \u00e7\u00f6z\u00fcl\u00fcyor, \u00e7izgiler dalgalan\u0131yor. Bir anda bir bo\u015flukta buluyorum kendimi. Ama bu bo\u015fluk, gri de\u011fil. Alt\u0131n sar\u0131s\u0131.<br>G\u00f6zlerimi k\u0131st\u0131\u011f\u0131mda, bir par\u0131lt\u0131 denizinin ortas\u0131nda oldu\u011fumu fark ediyorum.<br>Ve orada,  tam \u00f6n\u00fcmde  iki fig\u00fcr bir \u00f6p\u00fcc\u00fc\u011fe g\u00f6m\u00fclm\u00fc\u015f.<\/p>\n\n\n\n<p>Ben art\u0131k bir g\u00f6zlemci de\u011filim.<br>Ben \u015fimdi Gustav Klimt\u2019in <em>\u201cThe Kiss\u201d<\/em> tablosunun i\u00e7indeyim.<\/p>\n\n\n\n<p>\u0130lk hissim: sessizlik.<br>Ama bu, sakinle\u015ftirici bir sessizlik de\u011fil.<br>Bu, bir patlaman\u0131n hemen ard\u0131ndan gelen durgunluk gibi. Zamans\u0131z. T\u00fcm seslerin i\u00e7e d\u00f6nd\u00fc\u011f\u00fc an.<\/p>\n\n\n\n<p>Adam diz \u00e7\u00f6km\u00fc\u015f, ba\u015f\u0131n\u0131 kad\u0131n\u0131n yana\u011f\u0131na e\u011fmi\u015f. Kad\u0131n g\u00f6zlerini kapatm\u0131\u015f; teslim olmu\u015f gibi ama \u00fcrkek\u00e7e. Ellerini hafif\u00e7e kald\u0131rm\u0131\u015f, sanki bir yeri tutacak ya da ka\u00e7acakm\u0131\u015f gibi. Fig\u00fcrler sar\u0131lm\u0131\u015f de\u011fil. Daha \u00e7ok birbirlerinin i\u00e7ine do\u011fru \u00e7ekilmi\u015fler.<br>Kopam\u0131yorlar ama tam birle\u015femiyorlar da.<\/p>\n\n\n\n<p>Bu sahne, bir \u00f6p\u00fcc\u00fckten fazlas\u0131. Bu, arzunun doru\u011fu ile korkunun derinli\u011fi aras\u0131nda sal\u0131nan bir an.<\/p>\n\n\n\n<p>\u00c7evremdeki her \u015fey alt\u0131nla kapl\u0131.<br>Duvarda de\u011filim, d\u00fcnyada de\u011filim; bir ikonan\u0131n i\u00e7indeyim sanki.<br>Klimt\u2019in Bizans mozaiklerinden ald\u0131\u011f\u0131 ilham her k\u00f6\u015fede kendini hissettiriyor. Alt\u0131n, burada bir zenginlik g\u00f6stergesi de\u011fil. Ruhsal bir \u0131\u015f\u0131k. A\u015fka tanr\u0131sal bir de\u011fer bi\u00e7iyor.<\/p>\n\n\n\n<p>Adam\u0131n pelerininin \u00fczerindeki dikd\u00f6rtgenler keskin ve geometrik. Kad\u0131n\u0131n elbisesinde ise daireler, \u00e7i\u00e7ekler, spiral formlar var.<br>Eril olan d\u00fcz, k\u00f6\u015feli.<br>Di\u015fil olan yuvarlak, ak\u0131\u015fkan.<\/p>\n\n\n\n<p>Klimt, sadece bir \u00e7ift resmetmemi\u015f. Kad\u0131n ve erke\u011fin \u00f6z\u00fcyle, do\u011fas\u0131yla konu\u015fmu\u015f.<br>Semboller, bedenlerin \u00fcst\u00fcne de\u011fil, kimliklerinin i\u00e7ine i\u015flenmi\u015f gibi.<\/p>\n\n\n\n<p>Tablodaki fig\u00fcrler \u00e7\u0131plak de\u011fil. Ama elbiseleri, derileri kadar tenlerine yap\u0131\u015f\u0131k. Kuma\u015f m\u0131 yoksa bedenin uzant\u0131s\u0131 m\u0131, ay\u0131rt etmek zor.<br>Bu \u00f6p\u00fc\u015fme, tensel olmaktan \u00e7ok ruhsal.<br><br>C\u00fcretkar ama i\u00e7e d\u00f6n\u00fck.<\/p>\n\n\n\n<p>Klimt, sanat\u0131yla, kad\u0131n\u0131 ne sadece bir arzunun nesnesi yapt\u0131 ne de onu idealize etti. Kad\u0131n\u0131 ger\u00e7e\u011fiyle, arzusu ve korkusuyla, g\u00fcc\u00fc ve teslimiyetiyle sundu.<\/p>\n\n\n\n<p><em>The Kiss<\/em>, bu y\u00fczden bir a\u015fk resmi de\u011fil yaln\u0131zca.<br>Bir teslimiyet ve tan\u0131nma an\u0131.<\/p>\n\n\n\n<p>Etraf\u0131mdaki alt\u0131n tozu i\u00e7inde Klimt\u2019in varl\u0131\u011f\u0131n\u0131 hissediyorum.<br>Ama o bana bakm\u0131yor.<br>O, kad\u0131na bak\u0131yor. Her zaman yapt\u0131\u011f\u0131 gibi.<\/p>\n\n\n\n<p>Kad\u0131n Klimt\u2019in merkezidir.<br>Sadece bu tabloda de\u011fil, t\u00fcm sanat hayat\u0131nda.<\/p>\n\n\n\n<p>Kad\u0131n; ya\u015fam\u0131n ba\u015flang\u0131c\u0131, arzunun kayna\u011f\u0131 ve \u00f6l\u00fcm\u00fcn habercisidir. Klimt i\u00e7in kad\u0131n, bilinmezli\u011fin kendisidir.<br>Bu nedenle bu tabloda kad\u0131n\u0131n y\u00fcz\u00fc g\u00f6r\u00fcn\u00fcr; adam\u0131nki de\u011fil.<\/p>\n\n\n\n<p>Belki Klimt\u2019in kendisi adamda gizlidir. Kad\u0131n ise t\u00fcm \u0131\u015f\u0131\u011f\u0131 ta\u015f\u0131r, g\u00f6zleri kapal\u0131 ama fark\u0131ndal\u0131\u011f\u0131 y\u00fcksek.<\/p>\n\n\n\n<p>Tablo i\u00e7inde zaman ilerlemiyor. \u00d6p\u00fcc\u00fck verilmek \u00fczere. Belki de hi\u00e7 verilmeyecek.<br>Bu bir son de\u011fil, bir e\u015fi\u011fin resmi.<\/p>\n\n\n\n<p>Bir \u201cevet\u201dle \u201cka\u00e7mal\u0131y\u0131m\u201d aras\u0131ndaki o bir anl\u0131k karars\u0131zl\u0131k.<br>Bir ad\u0131m at\u0131ld\u0131\u011f\u0131nda her \u015feyin de\u011fi\u015fece\u011fi o k\u0131r\u0131lgan denge.<\/p>\n\n\n\n<p>Ve belki de bu y\u00fczden, tablo hala ya\u015f\u0131yor. \u00c7\u00fcnk\u00fc o an, asla ge\u00e7miyor.<\/p>\n\n\n\n<p>Alt\u0131n\u0131n aras\u0131ndan \u00e7\u0131karken \u00fczerimde hala \u0131\u015f\u0131lt\u0131lar var. G\u00f6zlerim kama\u015fm\u0131\u015f, zihnim susmu\u015f.<\/p>\n\n\n\n<p>Gustav Klimt\u2019in <em>The Kiss<\/em>&#8216;i, bir \u00f6p\u00fcc\u00fckten fazlas\u0131.<br>Bu bir an\u0131 de\u011fil, bir duygunun ebedi hali.<br>A\u015fk\u0131n, arzunun, korkunun, kendini kaybetmenin ve bulman\u0131n resmi.<\/p>\n\n\n\n<p>Ve ben art\u0131k sadece tablonun i\u00e7inde de\u011fil, o alt\u0131n sessizli\u011fin bir par\u00e7as\u0131nday\u0131m.<\/p>\n","protected":false},"excerpt":{"rendered":"<p>Alt\u0131ndan \u00d6r\u00fclm\u00fc\u015f Sessizlik: The Kiss\u2019in \u0130\u00e7ine D\u00fc\u015ferken Betty Ayaklar\u0131m\u0131n alt\u0131ndaki zemin yava\u015f\u00e7a eriyor. Renkler \u00e7\u00f6z\u00fcl\u00fcyor, \u00e7izgiler dalgalan\u0131yor. Bir anda bir bo\u015flukta buluyorum kendimi. Ama bu bo\u015fluk, gri de\u011fil. Alt\u0131n sar\u0131s\u0131.G\u00f6zlerimi k\u0131st\u0131\u011f\u0131mda, bir par\u0131lt\u0131 denizinin ortas\u0131nda oldu\u011fumu fark ediyorum.Ve orada, tam \u00f6n\u00fcmde iki fig\u00fcr bir \u00f6p\u00fcc\u00fc\u011fe g\u00f6m\u00fclm\u00fc\u015f. Ben art\u0131k bir g\u00f6zlemci de\u011filim.Ben \u015fimdi Gustav Klimt\u2019in \u201cThe &hellip; <\/p>\n","protected":false},"author":1,"featured_media":39,"comment_status":"open","ping_status":"open","sticky":false,"template":"","format":"standard","meta":{"_jetpack_memberships_contains_paid_content":false,"footnotes":""},"categories":[4],"tags":[],"class_list":["post-38","post","type-post","status-publish","format-standard","has-post-thumbnail","hentry","category-si"],"yoast_head":"<!-- This site is optimized with the Yoast SEO plugin v25.1 - https:\/\/yoast.com\/wordpress\/plugins\/seo\/ -->\n<title>The Kiss - bettytalks<\/title>\n<meta name=\"robots\" content=\"index, follow, max-snippet:-1, max-image-preview:large, max-video-preview:-1\" \/>\n<link rel=\"canonical\" href=\"https:\/\/bettytalks.com\/?p=38\" \/>\n<meta property=\"og:locale\" content=\"tr_TR\" \/>\n<meta property=\"og:type\" content=\"article\" \/>\n<meta property=\"og:title\" content=\"The Kiss - bettytalks\" \/>\n<meta property=\"og:description\" content=\"Alt\u0131ndan \u00d6r\u00fclm\u00fc\u015f Sessizlik: The Kiss\u2019in \u0130\u00e7ine D\u00fc\u015ferken Betty Ayaklar\u0131m\u0131n alt\u0131ndaki zemin yava\u015f\u00e7a eriyor. Renkler \u00e7\u00f6z\u00fcl\u00fcyor, \u00e7izgiler dalgalan\u0131yor. Bir anda bir bo\u015flukta buluyorum kendimi. Ama bu bo\u015fluk, gri de\u011fil. Alt\u0131n sar\u0131s\u0131.G\u00f6zlerimi k\u0131st\u0131\u011f\u0131mda, bir par\u0131lt\u0131 denizinin ortas\u0131nda oldu\u011fumu fark ediyorum.Ve orada, tam \u00f6n\u00fcmde iki fig\u00fcr bir \u00f6p\u00fcc\u00fc\u011fe g\u00f6m\u00fclm\u00fc\u015f. Ben art\u0131k bir g\u00f6zlemci de\u011filim.Ben \u015fimdi Gustav Klimt\u2019in \u201cThe &hellip;\" \/>\n<meta property=\"og:url\" content=\"https:\/\/bettytalks.com\/?p=38\" \/>\n<meta property=\"og:site_name\" content=\"bettytalks\" \/>\n<meta property=\"article:published_time\" content=\"2025-06-29T18:19:50+00:00\" \/>\n<meta property=\"article:modified_time\" content=\"2025-06-29T18:51:55+00:00\" \/>\n<meta property=\"og:image\" content=\"https:\/\/bettytalks.com\/wp-content\/uploads\/2025\/06\/IMG_8552.jpg\" \/>\n\t<meta property=\"og:image:width\" content=\"736\" \/>\n\t<meta property=\"og:image:height\" content=\"1021\" \/>\n\t<meta property=\"og:image:type\" content=\"image\/jpeg\" \/>\n<meta name=\"author\" content=\"admin\" \/>\n<meta name=\"twitter:card\" content=\"summary_large_image\" \/>\n<meta name=\"twitter:label1\" content=\"Yazan:\" \/>\n\t<meta name=\"twitter:data1\" content=\"admin\" \/>\n\t<meta name=\"twitter:label2\" content=\"Tahmini okuma s\u00fcresi\" \/>\n\t<meta name=\"twitter:data2\" content=\"3 dakika\" \/>\n<script type=\"application\/ld+json\" class=\"yoast-schema-graph\">{\"@context\":\"https:\/\/schema.org\",\"@graph\":[{\"@type\":\"WebPage\",\"@id\":\"https:\/\/bettytalks.com\/?p=38\",\"url\":\"https:\/\/bettytalks.com\/?p=38\",\"name\":\"The Kiss - bettytalks\",\"isPartOf\":{\"@id\":\"https:\/\/bettytalks.com\/#website\"},\"primaryImageOfPage\":{\"@id\":\"https:\/\/bettytalks.com\/?p=38#primaryimage\"},\"image\":{\"@id\":\"https:\/\/bettytalks.com\/?p=38#primaryimage\"},\"thumbnailUrl\":\"https:\/\/bettytalks.com\/wp-content\/uploads\/2025\/06\/IMG_8552.jpg\",\"datePublished\":\"2025-06-29T18:19:50+00:00\",\"dateModified\":\"2025-06-29T18:51:55+00:00\",\"author\":{\"@id\":\"https:\/\/bettytalks.com\/#\/schema\/person\/caff09b62c6ce956501d8b353fe4d922\"},\"breadcrumb\":{\"@id\":\"https:\/\/bettytalks.com\/?p=38#breadcrumb\"},\"inLanguage\":\"tr\",\"potentialAction\":[{\"@type\":\"ReadAction\",\"target\":[\"https:\/\/bettytalks.com\/?p=38\"]}]},{\"@type\":\"ImageObject\",\"inLanguage\":\"tr\",\"@id\":\"https:\/\/bettytalks.com\/?p=38#primaryimage\",\"url\":\"https:\/\/bettytalks.com\/wp-content\/uploads\/2025\/06\/IMG_8552.jpg\",\"contentUrl\":\"https:\/\/bettytalks.com\/wp-content\/uploads\/2025\/06\/IMG_8552.jpg\",\"width\":736,\"height\":1021},{\"@type\":\"BreadcrumbList\",\"@id\":\"https:\/\/bettytalks.com\/?p=38#breadcrumb\",\"itemListElement\":[{\"@type\":\"ListItem\",\"position\":1,\"name\":\"Anasayfa\",\"item\":\"https:\/\/bettytalks.com\/\"},{\"@type\":\"ListItem\",\"position\":2,\"name\":\"The Kiss\"}]},{\"@type\":\"WebSite\",\"@id\":\"https:\/\/bettytalks.com\/#website\",\"url\":\"https:\/\/bettytalks.com\/\",\"name\":\"bettytalks\",\"description\":\"\u0130\u00e7inizi \u0131s\u0131tan her \u015fey gibi: Zarif ve ilham dolu\",\"potentialAction\":[{\"@type\":\"SearchAction\",\"target\":{\"@type\":\"EntryPoint\",\"urlTemplate\":\"https:\/\/bettytalks.com\/?s={search_term_string}\"},\"query-input\":{\"@type\":\"PropertyValueSpecification\",\"valueRequired\":true,\"valueName\":\"search_term_string\"}}],\"inLanguage\":\"tr\"},{\"@type\":\"Person\",\"@id\":\"https:\/\/bettytalks.com\/#\/schema\/person\/caff09b62c6ce956501d8b353fe4d922\",\"name\":\"admin\",\"image\":{\"@type\":\"ImageObject\",\"inLanguage\":\"tr\",\"@id\":\"https:\/\/bettytalks.com\/#\/schema\/person\/image\/\",\"url\":\"https:\/\/secure.gravatar.com\/avatar\/13de82621317e689218440d3a88a65d95e484350dacd7e83563eaa856f8d2b0a?s=96&d=mm&r=g\",\"contentUrl\":\"https:\/\/secure.gravatar.com\/avatar\/13de82621317e689218440d3a88a65d95e484350dacd7e83563eaa856f8d2b0a?s=96&d=mm&r=g\",\"caption\":\"admin\"},\"sameAs\":[\"https:\/\/bettytalks.com\"],\"url\":\"https:\/\/bettytalks.com\/?author=1\"}]}<\/script>\n<!-- \/ Yoast SEO plugin. -->","yoast_head_json":{"title":"The Kiss - bettytalks","robots":{"index":"index","follow":"follow","max-snippet":"max-snippet:-1","max-image-preview":"max-image-preview:large","max-video-preview":"max-video-preview:-1"},"canonical":"https:\/\/bettytalks.com\/?p=38","og_locale":"tr_TR","og_type":"article","og_title":"The Kiss - bettytalks","og_description":"Alt\u0131ndan \u00d6r\u00fclm\u00fc\u015f Sessizlik: The Kiss\u2019in \u0130\u00e7ine D\u00fc\u015ferken Betty Ayaklar\u0131m\u0131n alt\u0131ndaki zemin yava\u015f\u00e7a eriyor. Renkler \u00e7\u00f6z\u00fcl\u00fcyor, \u00e7izgiler dalgalan\u0131yor. Bir anda bir bo\u015flukta buluyorum kendimi. Ama bu bo\u015fluk, gri de\u011fil. Alt\u0131n sar\u0131s\u0131.G\u00f6zlerimi k\u0131st\u0131\u011f\u0131mda, bir par\u0131lt\u0131 denizinin ortas\u0131nda oldu\u011fumu fark ediyorum.Ve orada, tam \u00f6n\u00fcmde iki fig\u00fcr bir \u00f6p\u00fcc\u00fc\u011fe g\u00f6m\u00fclm\u00fc\u015f. Ben art\u0131k bir g\u00f6zlemci de\u011filim.Ben \u015fimdi Gustav Klimt\u2019in \u201cThe &hellip;","og_url":"https:\/\/bettytalks.com\/?p=38","og_site_name":"bettytalks","article_published_time":"2025-06-29T18:19:50+00:00","article_modified_time":"2025-06-29T18:51:55+00:00","og_image":[{"width":736,"height":1021,"url":"https:\/\/bettytalks.com\/wp-content\/uploads\/2025\/06\/IMG_8552.jpg","type":"image\/jpeg"}],"author":"admin","twitter_card":"summary_large_image","twitter_misc":{"Yazan:":"admin","Tahmini okuma s\u00fcresi":"3 dakika"},"schema":{"@context":"https:\/\/schema.org","@graph":[{"@type":"WebPage","@id":"https:\/\/bettytalks.com\/?p=38","url":"https:\/\/bettytalks.com\/?p=38","name":"The Kiss - bettytalks","isPartOf":{"@id":"https:\/\/bettytalks.com\/#website"},"primaryImageOfPage":{"@id":"https:\/\/bettytalks.com\/?p=38#primaryimage"},"image":{"@id":"https:\/\/bettytalks.com\/?p=38#primaryimage"},"thumbnailUrl":"https:\/\/bettytalks.com\/wp-content\/uploads\/2025\/06\/IMG_8552.jpg","datePublished":"2025-06-29T18:19:50+00:00","dateModified":"2025-06-29T18:51:55+00:00","author":{"@id":"https:\/\/bettytalks.com\/#\/schema\/person\/caff09b62c6ce956501d8b353fe4d922"},"breadcrumb":{"@id":"https:\/\/bettytalks.com\/?p=38#breadcrumb"},"inLanguage":"tr","potentialAction":[{"@type":"ReadAction","target":["https:\/\/bettytalks.com\/?p=38"]}]},{"@type":"ImageObject","inLanguage":"tr","@id":"https:\/\/bettytalks.com\/?p=38#primaryimage","url":"https:\/\/bettytalks.com\/wp-content\/uploads\/2025\/06\/IMG_8552.jpg","contentUrl":"https:\/\/bettytalks.com\/wp-content\/uploads\/2025\/06\/IMG_8552.jpg","width":736,"height":1021},{"@type":"BreadcrumbList","@id":"https:\/\/bettytalks.com\/?p=38#breadcrumb","itemListElement":[{"@type":"ListItem","position":1,"name":"Anasayfa","item":"https:\/\/bettytalks.com\/"},{"@type":"ListItem","position":2,"name":"The Kiss"}]},{"@type":"WebSite","@id":"https:\/\/bettytalks.com\/#website","url":"https:\/\/bettytalks.com\/","name":"bettytalks","description":"\u0130\u00e7inizi \u0131s\u0131tan her \u015fey gibi: Zarif ve ilham dolu","potentialAction":[{"@type":"SearchAction","target":{"@type":"EntryPoint","urlTemplate":"https:\/\/bettytalks.com\/?s={search_term_string}"},"query-input":{"@type":"PropertyValueSpecification","valueRequired":true,"valueName":"search_term_string"}}],"inLanguage":"tr"},{"@type":"Person","@id":"https:\/\/bettytalks.com\/#\/schema\/person\/caff09b62c6ce956501d8b353fe4d922","name":"admin","image":{"@type":"ImageObject","inLanguage":"tr","@id":"https:\/\/bettytalks.com\/#\/schema\/person\/image\/","url":"https:\/\/secure.gravatar.com\/avatar\/13de82621317e689218440d3a88a65d95e484350dacd7e83563eaa856f8d2b0a?s=96&d=mm&r=g","contentUrl":"https:\/\/secure.gravatar.com\/avatar\/13de82621317e689218440d3a88a65d95e484350dacd7e83563eaa856f8d2b0a?s=96&d=mm&r=g","caption":"admin"},"sameAs":["https:\/\/bettytalks.com"],"url":"https:\/\/bettytalks.com\/?author=1"}]}},"jetpack_featured_media_url":"https:\/\/bettytalks.com\/wp-content\/uploads\/2025\/06\/IMG_8552.jpg","jetpack_sharing_enabled":true,"_links":{"self":[{"href":"https:\/\/bettytalks.com\/index.php?rest_route=\/wp\/v2\/posts\/38","targetHints":{"allow":["GET"]}}],"collection":[{"href":"https:\/\/bettytalks.com\/index.php?rest_route=\/wp\/v2\/posts"}],"about":[{"href":"https:\/\/bettytalks.com\/index.php?rest_route=\/wp\/v2\/types\/post"}],"author":[{"embeddable":true,"href":"https:\/\/bettytalks.com\/index.php?rest_route=\/wp\/v2\/users\/1"}],"replies":[{"embeddable":true,"href":"https:\/\/bettytalks.com\/index.php?rest_route=%2Fwp%2Fv2%2Fcomments&post=38"}],"version-history":[{"count":2,"href":"https:\/\/bettytalks.com\/index.php?rest_route=\/wp\/v2\/posts\/38\/revisions"}],"predecessor-version":[{"id":48,"href":"https:\/\/bettytalks.com\/index.php?rest_route=\/wp\/v2\/posts\/38\/revisions\/48"}],"wp:featuredmedia":[{"embeddable":true,"href":"https:\/\/bettytalks.com\/index.php?rest_route=\/wp\/v2\/media\/39"}],"wp:attachment":[{"href":"https:\/\/bettytalks.com\/index.php?rest_route=%2Fwp%2Fv2%2Fmedia&parent=38"}],"wp:term":[{"taxonomy":"category","embeddable":true,"href":"https:\/\/bettytalks.com\/index.php?rest_route=%2Fwp%2Fv2%2Fcategories&post=38"},{"taxonomy":"post_tag","embeddable":true,"href":"https:\/\/bettytalks.com\/index.php?rest_route=%2Fwp%2Fv2%2Ftags&post=38"}],"curies":[{"name":"wp","href":"https:\/\/api.w.org\/{rel}","templated":true}]}}