{"id":83,"date":"2025-07-14T19:00:10","date_gmt":"2025-07-14T19:00:10","guid":{"rendered":"https:\/\/bettytalks.com\/?p=83"},"modified":"2025-07-14T19:00:14","modified_gmt":"2025-07-14T19:00:14","slug":"sogukkanli-bir-gunes-altinda-albert-camusnun-hayat-hikayesi","status":"publish","type":"post","link":"https:\/\/bettytalks.com\/?p=83","title":{"rendered":"So\u011fukkanl\u0131 Bir G\u00fcne\u015f Alt\u0131nda: Albert Camus\u2019n\u00fcn Hayat Hikayesi"},"content":{"rendered":"\n<p>Bet\u00fcl Yurda\u00fcn<\/p>\n\n\n\n<p>Albert Camus, varolu\u015fun anlams\u0131zl\u0131\u011f\u0131 kar\u015f\u0131s\u0131nda umudu ve sorumlulu\u011fu savunan bir yazard\u0131. Ne tamamen bir filozof, ne de sadece bir romanc\u0131yd\u0131. O, ya\u015farken d\u00fc\u015f\u00fcnen, d\u00fc\u015f\u00fcn\u00fcrken yazan, yazarken eyleyen bir ruhtu.<\/p>\n\n\n\n<p>1913\u2019te Cezayir\u2019de do\u011fdu. Annesi dilsiz bir kad\u0131nd\u0131, babas\u0131 ise Camus daha bebekken sava\u015fta \u00f6ld\u00fc. Yoksullukla, sessizlikle ve g\u00fcne\u015fin alt\u0131nda ge\u00e7en bir \u00e7ocukluk ya\u015fad\u0131. Bu co\u011frafya, onun t\u00fcm metinlerine sinen s\u0131cakl\u0131kla so\u011fukluk aras\u0131ndaki o gergin atmosferi yaratacakt\u0131. Camus\u2019n\u00fcn d\u00fcnyas\u0131nda her \u015fey a\u00e7\u0131kt\u0131 ama anlaml\u0131 de\u011fildi. Bu y\u00fczden \u201cabs\u00fcrd\u201d dedi o duyguya: Her \u015feyin var oldu\u011fu, ama hi\u00e7bir \u015feyin a\u00e7\u0131klanmad\u0131\u011f\u0131 hal.<\/p>\n\n\n\n<p>\u00d6l\u00fcm, zaman, yabanc\u0131la\u015fma&#8230; Bunlar onun temel meseleleriydi.&nbsp;<em>Yabanc\u0131<\/em>\u2019da Meursault bir adam\u0131 \u00f6ld\u00fcr\u00fcr ama as\u0131l yarg\u0131lanan \u015fey, onun \u201cannesinin cenazesinde a\u011flamam\u0131\u015f olmas\u0131\u201dd\u0131r. Camus burada asl\u0131nda \u015funu sorar: \u0130nsanlar su\u00e7tan \u00e7ok, normlara uymamay\u0131 m\u0131 cezaland\u0131r\u0131r?<\/p>\n\n\n\n<p><em>Kurtulu\u015f yok ama ba\u015fkald\u0131r\u0131 var.<\/em><br>Camus\u2019n\u00fcn temel inanc\u0131 budur. Hayat anlams\u0131z olabilir, ama biz yine de onurlu ya\u015famal\u0131y\u0131z. \u00c7\u00fcnk\u00fc her \u015feye ra\u011fmen insan, bir anlam kurmaya \u00e7al\u0131\u015ft\u0131\u011f\u0131 s\u00fcrece insand\u0131r.&nbsp;<em>Sisifos S\u00f6yleni<\/em>&nbsp;tam olarak bunu anlat\u0131r: Kayay\u0131 s\u00fcrekli tepeye ta\u015f\u0131yan adam, belki de evrenin en b\u00fcy\u00fck kahraman\u0131d\u0131r. \u00c7\u00fcnk\u00fc fark\u0131nda olarak tekrar eder. Boyun e\u011fmeden.<\/p>\n\n\n\n<p>Hayat\u0131 boyunca sadece yazar de\u011fil, eylemci oldu. Nazizme kar\u015f\u0131 direndi, adaletsizliklere kar\u015f\u0131 yazd\u0131.&nbsp;<em>Veba<\/em>, bir salg\u0131n\u0131 anlat\u0131r ama asl\u0131nda totalitarizmin alegorisidir.&nbsp;<em>D\u00fc\u015f\u00fc\u015f<\/em>, insan\u0131n ikiy\u00fczl\u00fcl\u00fc\u011f\u00fcn\u00fc, kendi vicdan\u0131na ihanetini \u00e7\u0131plak b\u0131rak\u0131r. Camus her zaman a\u00e7\u0131k olana de\u011fil, g\u00f6z ard\u0131 edilene odakland\u0131.<\/p>\n\n\n\n<p>Kendini hi\u00e7bir d\u00fc\u015f\u00fcnce grubuna ait hissetmedi. Ne tamamen bir varolu\u015f\u00e7u, ne de bir solcu entelekt\u00fceldi. Sartre\u2019la olan k\u0131rg\u0131nl\u0131\u011f\u0131 da bundand\u0131. Camus i\u00e7in insan hayat\u0131 felsefeden \u00f6nce gelirdi.<br><strong>\u201cE\u011fer insanlar\u0131n ac\u0131s\u0131n\u0131 g\u00f6rmezden gelen bir teori varsa, o teori \u00e7\u00fcr\u00fcm\u00fc\u015ft\u00fcr.\u201d<\/strong>&nbsp;diyordu.<\/p>\n\n\n\n<p>Hayat\u0131n\u0131n sonu, neredeyse yazd\u0131\u011f\u0131 metinler kadar simgesel oldu. 1960\u2019ta, cebinde tamamlanmam\u0131\u015f bir elyazmas\u0131yla ge\u00e7irdi\u011fi bir trafik kazas\u0131nda hayat\u0131n\u0131 kaybetti. \u00d6l\u00fcm haberini alanlar,&nbsp;<em>Yabanc\u0131<\/em>\u2019n\u0131n son c\u00fcmlesini f\u0131s\u0131ldad\u0131 belki de:<br><strong>\u201cHer \u015feyin tamam olmas\u0131 i\u00e7in, \u00f6l\u00fcrken kalabal\u0131klar\u0131n beni ba\u011f\u0131rarak kar\u015f\u0131lamas\u0131n\u0131 dilemekten ba\u015fka bir dile\u011fim yoktu.\u201d<\/strong><\/p>\n\n\n\n<p>Camus, anlams\u0131zl\u0131\u011f\u0131n i\u00e7inden anlam\u0131 savunan bir adamd\u0131. Ne inanan biriydi ne de ink\u00e2rc\u0131. O, ya\u015fam\u0131n sa\u00e7mal\u0131\u011f\u0131na ra\u011fmen ya\u015faman\u0131n onuruna inanan bir yazard\u0131.<br>Ve belki de bu y\u00fczden, hala o g\u00fcne\u015fin alt\u0131nda duruyor c\u00fcmleleri: sessiz, sert ve g\u00f6z kama\u015ft\u0131r\u0131c\u0131.<\/p>\n","protected":false},"excerpt":{"rendered":"<p>Bet\u00fcl Yurda\u00fcn Albert Camus, varolu\u015fun anlams\u0131zl\u0131\u011f\u0131 kar\u015f\u0131s\u0131nda umudu ve sorumlulu\u011fu savunan bir yazard\u0131. Ne tamamen bir filozof, ne de sadece bir romanc\u0131yd\u0131. O, ya\u015farken d\u00fc\u015f\u00fcnen, d\u00fc\u015f\u00fcn\u00fcrken yazan, yazarken eyleyen bir ruhtu. 1913\u2019te Cezayir\u2019de do\u011fdu. Annesi dilsiz bir kad\u0131nd\u0131, babas\u0131 ise Camus daha bebekken sava\u015fta \u00f6ld\u00fc. Yoksullukla, sessizlikle ve g\u00fcne\u015fin alt\u0131nda ge\u00e7en bir \u00e7ocukluk ya\u015fad\u0131. Bu &hellip; <\/p>\n","protected":false},"author":1,"featured_media":84,"comment_status":"open","ping_status":"open","sticky":false,"template":"","format":"standard","meta":{"_jetpack_memberships_contains_paid_content":false,"footnotes":""},"categories":[1],"tags":[],"class_list":["post-83","post","type-post","status-publish","format-standard","has-post-thumbnail","hentry","category-ms"],"yoast_head":"<!-- This site is optimized with the Yoast SEO plugin v25.1 - https:\/\/yoast.com\/wordpress\/plugins\/seo\/ -->\n<title>So\u011fukkanl\u0131 Bir G\u00fcne\u015f Alt\u0131nda: Albert Camus\u2019n\u00fcn Hayat Hikayesi - bettytalks<\/title>\n<meta name=\"robots\" content=\"index, follow, max-snippet:-1, max-image-preview:large, max-video-preview:-1\" \/>\n<link rel=\"canonical\" href=\"https:\/\/bettytalks.com\/?p=83\" \/>\n<meta property=\"og:locale\" content=\"tr_TR\" \/>\n<meta property=\"og:type\" content=\"article\" \/>\n<meta property=\"og:title\" content=\"So\u011fukkanl\u0131 Bir G\u00fcne\u015f Alt\u0131nda: Albert Camus\u2019n\u00fcn Hayat Hikayesi - bettytalks\" \/>\n<meta property=\"og:description\" content=\"Bet\u00fcl Yurda\u00fcn Albert Camus, varolu\u015fun anlams\u0131zl\u0131\u011f\u0131 kar\u015f\u0131s\u0131nda umudu ve sorumlulu\u011fu savunan bir yazard\u0131. Ne tamamen bir filozof, ne de sadece bir romanc\u0131yd\u0131. O, ya\u015farken d\u00fc\u015f\u00fcnen, d\u00fc\u015f\u00fcn\u00fcrken yazan, yazarken eyleyen bir ruhtu. 1913\u2019te Cezayir\u2019de do\u011fdu. Annesi dilsiz bir kad\u0131nd\u0131, babas\u0131 ise Camus daha bebekken sava\u015fta \u00f6ld\u00fc. Yoksullukla, sessizlikle ve g\u00fcne\u015fin alt\u0131nda ge\u00e7en bir \u00e7ocukluk ya\u015fad\u0131. Bu &hellip;\" \/>\n<meta property=\"og:url\" content=\"https:\/\/bettytalks.com\/?p=83\" \/>\n<meta property=\"og:site_name\" content=\"bettytalks\" \/>\n<meta property=\"article:published_time\" content=\"2025-07-14T19:00:10+00:00\" \/>\n<meta property=\"article:modified_time\" content=\"2025-07-14T19:00:14+00:00\" \/>\n<meta property=\"og:image\" content=\"https:\/\/bettytalks.com\/wp-content\/uploads\/2025\/07\/albert-camus_wannart-scaled.jpg\" \/>\n\t<meta property=\"og:image:width\" content=\"2560\" \/>\n\t<meta property=\"og:image:height\" content=\"1687\" \/>\n\t<meta property=\"og:image:type\" content=\"image\/jpeg\" \/>\n<meta name=\"author\" content=\"admin\" \/>\n<meta name=\"twitter:card\" content=\"summary_large_image\" \/>\n<meta name=\"twitter:label1\" content=\"Yazan:\" \/>\n\t<meta name=\"twitter:data1\" content=\"admin\" \/>\n\t<meta name=\"twitter:label2\" content=\"Tahmini okuma s\u00fcresi\" \/>\n\t<meta name=\"twitter:data2\" content=\"3 dakika\" \/>\n<script type=\"application\/ld+json\" class=\"yoast-schema-graph\">{\"@context\":\"https:\/\/schema.org\",\"@graph\":[{\"@type\":\"WebPage\",\"@id\":\"https:\/\/bettytalks.com\/?p=83\",\"url\":\"https:\/\/bettytalks.com\/?p=83\",\"name\":\"So\u011fukkanl\u0131 Bir G\u00fcne\u015f Alt\u0131nda: Albert Camus\u2019n\u00fcn Hayat Hikayesi - bettytalks\",\"isPartOf\":{\"@id\":\"https:\/\/bettytalks.com\/#website\"},\"primaryImageOfPage\":{\"@id\":\"https:\/\/bettytalks.com\/?p=83#primaryimage\"},\"image\":{\"@id\":\"https:\/\/bettytalks.com\/?p=83#primaryimage\"},\"thumbnailUrl\":\"https:\/\/bettytalks.com\/wp-content\/uploads\/2025\/07\/albert-camus_wannart-scaled.jpg\",\"datePublished\":\"2025-07-14T19:00:10+00:00\",\"dateModified\":\"2025-07-14T19:00:14+00:00\",\"author\":{\"@id\":\"https:\/\/bettytalks.com\/#\/schema\/person\/caff09b62c6ce956501d8b353fe4d922\"},\"breadcrumb\":{\"@id\":\"https:\/\/bettytalks.com\/?p=83#breadcrumb\"},\"inLanguage\":\"tr\",\"potentialAction\":[{\"@type\":\"ReadAction\",\"target\":[\"https:\/\/bettytalks.com\/?p=83\"]}]},{\"@type\":\"ImageObject\",\"inLanguage\":\"tr\",\"@id\":\"https:\/\/bettytalks.com\/?p=83#primaryimage\",\"url\":\"https:\/\/bettytalks.com\/wp-content\/uploads\/2025\/07\/albert-camus_wannart-scaled.jpg\",\"contentUrl\":\"https:\/\/bettytalks.com\/wp-content\/uploads\/2025\/07\/albert-camus_wannart-scaled.jpg\",\"width\":2560,\"height\":1687,\"caption\":\"L'ecrivain Albert Camus (1913-1960) au journal Combat ou il restera de 1944 a 1947, 1946 --- French writer Albert Camus (1913-1960) at Combat paper where he was from 1944 to 1947, 1946 Rue des Archives \/ Reporters\"},{\"@type\":\"BreadcrumbList\",\"@id\":\"https:\/\/bettytalks.com\/?p=83#breadcrumb\",\"itemListElement\":[{\"@type\":\"ListItem\",\"position\":1,\"name\":\"Anasayfa\",\"item\":\"https:\/\/bettytalks.com\/\"},{\"@type\":\"ListItem\",\"position\":2,\"name\":\"So\u011fukkanl\u0131 Bir G\u00fcne\u015f Alt\u0131nda: Albert Camus\u2019n\u00fcn Hayat Hikayesi\"}]},{\"@type\":\"WebSite\",\"@id\":\"https:\/\/bettytalks.com\/#website\",\"url\":\"https:\/\/bettytalks.com\/\",\"name\":\"bettytalks\",\"description\":\"\u0130\u00e7inizi \u0131s\u0131tan her \u015fey gibi: Zarif ve ilham dolu\",\"potentialAction\":[{\"@type\":\"SearchAction\",\"target\":{\"@type\":\"EntryPoint\",\"urlTemplate\":\"https:\/\/bettytalks.com\/?s={search_term_string}\"},\"query-input\":{\"@type\":\"PropertyValueSpecification\",\"valueRequired\":true,\"valueName\":\"search_term_string\"}}],\"inLanguage\":\"tr\"},{\"@type\":\"Person\",\"@id\":\"https:\/\/bettytalks.com\/#\/schema\/person\/caff09b62c6ce956501d8b353fe4d922\",\"name\":\"admin\",\"image\":{\"@type\":\"ImageObject\",\"inLanguage\":\"tr\",\"@id\":\"https:\/\/bettytalks.com\/#\/schema\/person\/image\/\",\"url\":\"https:\/\/secure.gravatar.com\/avatar\/13de82621317e689218440d3a88a65d95e484350dacd7e83563eaa856f8d2b0a?s=96&d=mm&r=g\",\"contentUrl\":\"https:\/\/secure.gravatar.com\/avatar\/13de82621317e689218440d3a88a65d95e484350dacd7e83563eaa856f8d2b0a?s=96&d=mm&r=g\",\"caption\":\"admin\"},\"sameAs\":[\"https:\/\/bettytalks.com\"],\"url\":\"https:\/\/bettytalks.com\/?author=1\"}]}<\/script>\n<!-- \/ Yoast SEO plugin. -->","yoast_head_json":{"title":"So\u011fukkanl\u0131 Bir G\u00fcne\u015f Alt\u0131nda: Albert Camus\u2019n\u00fcn Hayat Hikayesi - bettytalks","robots":{"index":"index","follow":"follow","max-snippet":"max-snippet:-1","max-image-preview":"max-image-preview:large","max-video-preview":"max-video-preview:-1"},"canonical":"https:\/\/bettytalks.com\/?p=83","og_locale":"tr_TR","og_type":"article","og_title":"So\u011fukkanl\u0131 Bir G\u00fcne\u015f Alt\u0131nda: Albert Camus\u2019n\u00fcn Hayat Hikayesi - bettytalks","og_description":"Bet\u00fcl Yurda\u00fcn Albert Camus, varolu\u015fun anlams\u0131zl\u0131\u011f\u0131 kar\u015f\u0131s\u0131nda umudu ve sorumlulu\u011fu savunan bir yazard\u0131. Ne tamamen bir filozof, ne de sadece bir romanc\u0131yd\u0131. O, ya\u015farken d\u00fc\u015f\u00fcnen, d\u00fc\u015f\u00fcn\u00fcrken yazan, yazarken eyleyen bir ruhtu. 1913\u2019te Cezayir\u2019de do\u011fdu. Annesi dilsiz bir kad\u0131nd\u0131, babas\u0131 ise Camus daha bebekken sava\u015fta \u00f6ld\u00fc. Yoksullukla, sessizlikle ve g\u00fcne\u015fin alt\u0131nda ge\u00e7en bir \u00e7ocukluk ya\u015fad\u0131. Bu &hellip;","og_url":"https:\/\/bettytalks.com\/?p=83","og_site_name":"bettytalks","article_published_time":"2025-07-14T19:00:10+00:00","article_modified_time":"2025-07-14T19:00:14+00:00","og_image":[{"width":2560,"height":1687,"url":"https:\/\/bettytalks.com\/wp-content\/uploads\/2025\/07\/albert-camus_wannart-scaled.jpg","type":"image\/jpeg"}],"author":"admin","twitter_card":"summary_large_image","twitter_misc":{"Yazan:":"admin","Tahmini okuma s\u00fcresi":"3 dakika"},"schema":{"@context":"https:\/\/schema.org","@graph":[{"@type":"WebPage","@id":"https:\/\/bettytalks.com\/?p=83","url":"https:\/\/bettytalks.com\/?p=83","name":"So\u011fukkanl\u0131 Bir G\u00fcne\u015f Alt\u0131nda: Albert Camus\u2019n\u00fcn Hayat Hikayesi - bettytalks","isPartOf":{"@id":"https:\/\/bettytalks.com\/#website"},"primaryImageOfPage":{"@id":"https:\/\/bettytalks.com\/?p=83#primaryimage"},"image":{"@id":"https:\/\/bettytalks.com\/?p=83#primaryimage"},"thumbnailUrl":"https:\/\/bettytalks.com\/wp-content\/uploads\/2025\/07\/albert-camus_wannart-scaled.jpg","datePublished":"2025-07-14T19:00:10+00:00","dateModified":"2025-07-14T19:00:14+00:00","author":{"@id":"https:\/\/bettytalks.com\/#\/schema\/person\/caff09b62c6ce956501d8b353fe4d922"},"breadcrumb":{"@id":"https:\/\/bettytalks.com\/?p=83#breadcrumb"},"inLanguage":"tr","potentialAction":[{"@type":"ReadAction","target":["https:\/\/bettytalks.com\/?p=83"]}]},{"@type":"ImageObject","inLanguage":"tr","@id":"https:\/\/bettytalks.com\/?p=83#primaryimage","url":"https:\/\/bettytalks.com\/wp-content\/uploads\/2025\/07\/albert-camus_wannart-scaled.jpg","contentUrl":"https:\/\/bettytalks.com\/wp-content\/uploads\/2025\/07\/albert-camus_wannart-scaled.jpg","width":2560,"height":1687,"caption":"L'ecrivain Albert Camus (1913-1960) au journal Combat ou il restera de 1944 a 1947, 1946 --- French writer Albert Camus (1913-1960) at Combat paper where he was from 1944 to 1947, 1946 Rue des Archives \/ Reporters"},{"@type":"BreadcrumbList","@id":"https:\/\/bettytalks.com\/?p=83#breadcrumb","itemListElement":[{"@type":"ListItem","position":1,"name":"Anasayfa","item":"https:\/\/bettytalks.com\/"},{"@type":"ListItem","position":2,"name":"So\u011fukkanl\u0131 Bir G\u00fcne\u015f Alt\u0131nda: Albert Camus\u2019n\u00fcn Hayat Hikayesi"}]},{"@type":"WebSite","@id":"https:\/\/bettytalks.com\/#website","url":"https:\/\/bettytalks.com\/","name":"bettytalks","description":"\u0130\u00e7inizi \u0131s\u0131tan her \u015fey gibi: Zarif ve ilham dolu","potentialAction":[{"@type":"SearchAction","target":{"@type":"EntryPoint","urlTemplate":"https:\/\/bettytalks.com\/?s={search_term_string}"},"query-input":{"@type":"PropertyValueSpecification","valueRequired":true,"valueName":"search_term_string"}}],"inLanguage":"tr"},{"@type":"Person","@id":"https:\/\/bettytalks.com\/#\/schema\/person\/caff09b62c6ce956501d8b353fe4d922","name":"admin","image":{"@type":"ImageObject","inLanguage":"tr","@id":"https:\/\/bettytalks.com\/#\/schema\/person\/image\/","url":"https:\/\/secure.gravatar.com\/avatar\/13de82621317e689218440d3a88a65d95e484350dacd7e83563eaa856f8d2b0a?s=96&d=mm&r=g","contentUrl":"https:\/\/secure.gravatar.com\/avatar\/13de82621317e689218440d3a88a65d95e484350dacd7e83563eaa856f8d2b0a?s=96&d=mm&r=g","caption":"admin"},"sameAs":["https:\/\/bettytalks.com"],"url":"https:\/\/bettytalks.com\/?author=1"}]}},"jetpack_featured_media_url":"https:\/\/bettytalks.com\/wp-content\/uploads\/2025\/07\/albert-camus_wannart-scaled.jpg","jetpack_sharing_enabled":true,"_links":{"self":[{"href":"https:\/\/bettytalks.com\/index.php?rest_route=\/wp\/v2\/posts\/83","targetHints":{"allow":["GET"]}}],"collection":[{"href":"https:\/\/bettytalks.com\/index.php?rest_route=\/wp\/v2\/posts"}],"about":[{"href":"https:\/\/bettytalks.com\/index.php?rest_route=\/wp\/v2\/types\/post"}],"author":[{"embeddable":true,"href":"https:\/\/bettytalks.com\/index.php?rest_route=\/wp\/v2\/users\/1"}],"replies":[{"embeddable":true,"href":"https:\/\/bettytalks.com\/index.php?rest_route=%2Fwp%2Fv2%2Fcomments&post=83"}],"version-history":[{"count":1,"href":"https:\/\/bettytalks.com\/index.php?rest_route=\/wp\/v2\/posts\/83\/revisions"}],"predecessor-version":[{"id":85,"href":"https:\/\/bettytalks.com\/index.php?rest_route=\/wp\/v2\/posts\/83\/revisions\/85"}],"wp:featuredmedia":[{"embeddable":true,"href":"https:\/\/bettytalks.com\/index.php?rest_route=\/wp\/v2\/media\/84"}],"wp:attachment":[{"href":"https:\/\/bettytalks.com\/index.php?rest_route=%2Fwp%2Fv2%2Fmedia&parent=83"}],"wp:term":[{"taxonomy":"category","embeddable":true,"href":"https:\/\/bettytalks.com\/index.php?rest_route=%2Fwp%2Fv2%2Fcategories&post=83"},{"taxonomy":"post_tag","embeddable":true,"href":"https:\/\/bettytalks.com\/index.php?rest_route=%2Fwp%2Fv2%2Ftags&post=83"}],"curies":[{"name":"wp","href":"https:\/\/api.w.org\/{rel}","templated":true}]}}