{"id":86,"date":"2025-07-20T11:17:39","date_gmt":"2025-07-20T11:17:39","guid":{"rendered":"https:\/\/bettytalks.com\/?p=86"},"modified":"2025-07-20T11:17:41","modified_gmt":"2025-07-20T11:17:41","slug":"jane-birkin","status":"publish","type":"post","link":"https:\/\/bettytalks.com\/?p=86","title":{"rendered":"Jane Birkin"},"content":{"rendered":"\n<h2 class=\"wp-block-heading\"><strong>Jane Birkin: Do\u011fall\u0131\u011f\u0131n G\u00fcc\u00fc ve Bir \u00c7antan\u0131n Do\u011fu\u015fu<\/strong><\/h2>\n\n\n\n<p>Yaz\u0131: Bet\u00fcl Yurda\u00fcn<\/p>\n\n\n\n<p>Bir stil ikonunun mutlaka g\u00f6steri\u015fli olmas\u0131 gerekmez. Hatta bazen en g\u00fc\u00e7l\u00fc etki, sessizlikten gelir. Jane Birkin\u2019in giyinme \u015fekli, konu\u015fma tarz\u0131, hatta sokakta y\u00fcr\u00fcy\u00fc\u015f\u00fc bile g\u00f6steri\u015fsizli\u011fin bir zarafete nas\u0131l d\u00f6n\u00fc\u015febilece\u011fini kan\u0131tl\u0131yor. 70\u2019lerin Paris sokaklar\u0131nda, da\u011f\u0131n\u0131k sa\u00e7lar\u0131 ve has\u0131r sepetiyle dola\u015fan bu \u0130ngiliz kad\u0131n\u0131, Fransa\u2019n\u0131n kolektif moda haf\u0131zas\u0131nda neredeyse bir efsane h\u00e2line geldi.<\/p>\n\n\n\n<p>Birkin\u2019in tarz\u0131, yaln\u0131zca k\u0131yafet se\u00e7imlerinden ibaret de\u011fildi. O, do\u011fall\u0131\u011f\u0131yla bir duru\u015f sergiliyordu. Abart\u0131s\u0131z makyaj\u0131, zamans\u0131z jean\u2019leri ve sade g\u00f6mlekleriyle tam anlam\u0131yla \u201c\u00e7aba harcamadan \u015f\u0131k\u201d olman\u0131n kitab\u0131n\u0131 yazd\u0131. \u00c7o\u011fu zaman \u00e7\u0131plak ayakla sahneye \u00e7\u0131kmas\u0131 ya da k\u0131rm\u0131z\u0131 hal\u0131ya \u00f6rg\u00fc sepetle kat\u0131lmas\u0131, onun g\u00f6z\u00fcnde l\u00fcks\u00fcn d\u0131\u015fsal g\u00f6stergelerle de\u011fil, i\u00e7sel bir \u00f6zg\u00fcvenle ilgili oldu\u011funun i\u015faretiydi.<\/p>\n\n\n\n<p>Paris\u2019in bohem ruhu, Birkin\u2019in \u00fczerindeki her par\u00e7ada v\u00fccut buldu. Moda d\u00fcnyas\u0131, o d\u00f6nemde h\u00e2l\u00e2 erkek egemen kal\u0131plarla kad\u0131nlara ne giymesi gerekti\u011fini dikte ederken, Jane Birkin sade ve umursamaz stiliyle sessiz bir ba\u015fkald\u0131r\u0131ya d\u00f6n\u00fc\u015ft\u00fc. Onun stili, \u201cfazla\u201d olan\u0131 de\u011fil, \u201cger\u00e7ek\u201d olan\u0131 se\u00e7iyordu. Ne giydi\u011fi kadar nas\u0131l ta\u015f\u0131d\u0131\u011f\u0131 da \u00f6nemliydi; sala\u015f bir beyaz ti\u015f\u00f6rt bile onun \u00fczerinde bir tav\u0131r kazan\u0131yordu.<\/p>\n\n\n\n<p>Ve sonra bir g\u00fcn, o efsanevi u\u00e7u\u015f ger\u00e7ekle\u015fti. 1983 y\u0131l\u0131nda, Paris&#8217;ten Londra\u2019ya uzanan bir u\u00e7akta Herm\u00e8s\u2019in yarat\u0131c\u0131 direkt\u00f6r\u00fc Jean-Louis Dumas\u2019\u0131n yan\u0131nda oturan Jane Birkin, deri \u00e7antas\u0131n\u0131 yerle\u015ftirmeye \u00e7al\u0131\u015f\u0131rken her \u015fey yere d\u00f6k\u00fcld\u00fc. Yal\u0131n, biraz da \u015fik\u00e2yet dolu bir c\u00fcmle kurdu:<br><strong>\u201cHi\u00e7bir \u00e7anta hem \u015f\u0131k hem de ger\u00e7ekten kullan\u0131\u015fl\u0131 de\u011fil.\u201d<\/strong><br>Bu c\u00fcmle, moda tarihine ge\u00e7ecek bir \u00e7antan\u0131n do\u011fumuna sebep oldu.<\/p>\n\n\n\n<p>Dumas, bu sohbetten ilhamla Birkin i\u00e7in tasarlanan yeni bir \u00e7anta haz\u0131rlad\u0131. B\u00f6ylece hem fonksiyonel hem de estetik a\u00e7\u0131dan dikkat \u00e7eken&nbsp;<strong>Birkin Bag<\/strong>, ilk kez d\u00fcnyaya geldi. Zamanla bir stat\u00fc sembol\u00fcne d\u00f6n\u00fc\u015fecek olan bu \u00e7anta, ironik bi\u00e7imde, sadeli\u011fi ve fazlal\u0131ktan ar\u0131nm\u0131\u015fl\u0131\u011f\u0131 temsil eden bir kad\u0131n\u0131n ad\u0131yla an\u0131l\u0131r oldu.<\/p>\n\n\n\n<p>Jane Birkin, y\u0131llar boyunca bu \u00e7antay\u0131 bazen \u00e7\u0131kartmalarla ki\u015fiselle\u015ftirdi, bazen i\u00e7ine kitaplar doldurdu, bazen de yerlere b\u0131rakmaktan \u00e7ekinmedi. \u00c7\u00fcnk\u00fc onun i\u00e7in \u00f6nemli olan \u00e7antan\u0131n fiyat\u0131 ya da prestiji de\u011fil, i\u00e7indekilerdi. T\u0131pk\u0131 ya\u015fam\u0131nda oldu\u011fu gibi.<\/p>\n\n\n\n<p>Bug\u00fcn h\u00e2l\u00e2 bir\u00e7ok gen\u00e7 kad\u0131n\u0131n Pinterest panolar\u0131nda, vintage Instagram hesaplar\u0131nda ve sokak modas\u0131nda Birkin\u2019in izlerini g\u00f6rmek m\u00fcmk\u00fcn. Onun stili bir moda ak\u0131m\u0131 de\u011fil, bir ya\u015fam bi\u00e7imiydi.<br>Ve belki de en g\u00fczeli \u015fuydu: Jane Birkin, kendine \u00f6zg\u00fc do\u011fall\u0131\u011f\u0131yla hepimize \u015f\u00f6yle f\u0131s\u0131ldad\u0131. &#8220;Stil, \u00e7o\u011fu zaman en sade olan\u0131 se\u00e7me cesaretidir , bir has\u0131r sepet gibi.&#8221;<\/p>\n\n\n\n<p><\/p>\n","protected":false},"excerpt":{"rendered":"<p>Jane Birkin: Do\u011fall\u0131\u011f\u0131n G\u00fcc\u00fc ve Bir \u00c7antan\u0131n Do\u011fu\u015fu Yaz\u0131: Bet\u00fcl Yurda\u00fcn Bir stil ikonunun mutlaka g\u00f6steri\u015fli olmas\u0131 gerekmez. Hatta bazen en g\u00fc\u00e7l\u00fc etki, sessizlikten gelir. Jane Birkin\u2019in giyinme \u015fekli, konu\u015fma tarz\u0131, hatta sokakta y\u00fcr\u00fcy\u00fc\u015f\u00fc bile g\u00f6steri\u015fsizli\u011fin bir zarafete nas\u0131l d\u00f6n\u00fc\u015febilece\u011fini kan\u0131tl\u0131yor. 70\u2019lerin Paris sokaklar\u0131nda, da\u011f\u0131n\u0131k sa\u00e7lar\u0131 ve has\u0131r sepetiyle dola\u015fan bu \u0130ngiliz kad\u0131n\u0131, Fransa\u2019n\u0131n kolektif &hellip; <\/p>\n","protected":false},"author":1,"featured_media":88,"comment_status":"open","ping_status":"open","sticky":false,"template":"","format":"standard","meta":{"_jetpack_memberships_contains_paid_content":false,"footnotes":""},"categories":[1],"tags":[],"class_list":["post-86","post","type-post","status-publish","format-standard","has-post-thumbnail","hentry","category-ms"],"yoast_head":"<!-- This site is optimized with the Yoast SEO plugin v25.1 - https:\/\/yoast.com\/wordpress\/plugins\/seo\/ -->\n<title>Jane Birkin - bettytalks<\/title>\n<meta name=\"robots\" content=\"index, follow, max-snippet:-1, max-image-preview:large, max-video-preview:-1\" \/>\n<link rel=\"canonical\" href=\"https:\/\/bettytalks.com\/?p=86\" \/>\n<meta property=\"og:locale\" content=\"tr_TR\" \/>\n<meta property=\"og:type\" content=\"article\" \/>\n<meta property=\"og:title\" content=\"Jane Birkin - bettytalks\" \/>\n<meta property=\"og:description\" content=\"Jane Birkin: Do\u011fall\u0131\u011f\u0131n G\u00fcc\u00fc ve Bir \u00c7antan\u0131n Do\u011fu\u015fu Yaz\u0131: Bet\u00fcl Yurda\u00fcn Bir stil ikonunun mutlaka g\u00f6steri\u015fli olmas\u0131 gerekmez. Hatta bazen en g\u00fc\u00e7l\u00fc etki, sessizlikten gelir. Jane Birkin\u2019in giyinme \u015fekli, konu\u015fma tarz\u0131, hatta sokakta y\u00fcr\u00fcy\u00fc\u015f\u00fc bile g\u00f6steri\u015fsizli\u011fin bir zarafete nas\u0131l d\u00f6n\u00fc\u015febilece\u011fini kan\u0131tl\u0131yor. 70\u2019lerin Paris sokaklar\u0131nda, da\u011f\u0131n\u0131k sa\u00e7lar\u0131 ve has\u0131r sepetiyle dola\u015fan bu \u0130ngiliz kad\u0131n\u0131, Fransa\u2019n\u0131n kolektif &hellip;\" \/>\n<meta property=\"og:url\" content=\"https:\/\/bettytalks.com\/?p=86\" \/>\n<meta property=\"og:site_name\" content=\"bettytalks\" \/>\n<meta property=\"article:published_time\" content=\"2025-07-20T11:17:39+00:00\" \/>\n<meta property=\"article:modified_time\" content=\"2025-07-20T11:17:41+00:00\" \/>\n<meta property=\"og:image\" content=\"https:\/\/bettytalks.com\/wp-content\/uploads\/2025\/07\/hermes.webp\" \/>\n\t<meta property=\"og:image:width\" content=\"1664\" \/>\n\t<meta property=\"og:image:height\" content=\"1080\" \/>\n\t<meta property=\"og:image:type\" content=\"image\/webp\" \/>\n<meta name=\"author\" content=\"admin\" \/>\n<meta name=\"twitter:card\" content=\"summary_large_image\" \/>\n<meta name=\"twitter:label1\" content=\"Yazan:\" \/>\n\t<meta name=\"twitter:data1\" content=\"admin\" \/>\n\t<meta name=\"twitter:label2\" content=\"Tahmini okuma s\u00fcresi\" \/>\n\t<meta name=\"twitter:data2\" content=\"3 dakika\" \/>\n<script type=\"application\/ld+json\" class=\"yoast-schema-graph\">{\"@context\":\"https:\/\/schema.org\",\"@graph\":[{\"@type\":\"WebPage\",\"@id\":\"https:\/\/bettytalks.com\/?p=86\",\"url\":\"https:\/\/bettytalks.com\/?p=86\",\"name\":\"Jane Birkin - bettytalks\",\"isPartOf\":{\"@id\":\"https:\/\/bettytalks.com\/#website\"},\"primaryImageOfPage\":{\"@id\":\"https:\/\/bettytalks.com\/?p=86#primaryimage\"},\"image\":{\"@id\":\"https:\/\/bettytalks.com\/?p=86#primaryimage\"},\"thumbnailUrl\":\"https:\/\/bettytalks.com\/wp-content\/uploads\/2025\/07\/hermes.webp\",\"datePublished\":\"2025-07-20T11:17:39+00:00\",\"dateModified\":\"2025-07-20T11:17:41+00:00\",\"author\":{\"@id\":\"https:\/\/bettytalks.com\/#\/schema\/person\/caff09b62c6ce956501d8b353fe4d922\"},\"breadcrumb\":{\"@id\":\"https:\/\/bettytalks.com\/?p=86#breadcrumb\"},\"inLanguage\":\"tr\",\"potentialAction\":[{\"@type\":\"ReadAction\",\"target\":[\"https:\/\/bettytalks.com\/?p=86\"]}]},{\"@type\":\"ImageObject\",\"inLanguage\":\"tr\",\"@id\":\"https:\/\/bettytalks.com\/?p=86#primaryimage\",\"url\":\"https:\/\/bettytalks.com\/wp-content\/uploads\/2025\/07\/hermes.webp\",\"contentUrl\":\"https:\/\/bettytalks.com\/wp-content\/uploads\/2025\/07\/hermes.webp\",\"width\":1664,\"height\":1080},{\"@type\":\"BreadcrumbList\",\"@id\":\"https:\/\/bettytalks.com\/?p=86#breadcrumb\",\"itemListElement\":[{\"@type\":\"ListItem\",\"position\":1,\"name\":\"Anasayfa\",\"item\":\"https:\/\/bettytalks.com\/\"},{\"@type\":\"ListItem\",\"position\":2,\"name\":\"Jane Birkin\"}]},{\"@type\":\"WebSite\",\"@id\":\"https:\/\/bettytalks.com\/#website\",\"url\":\"https:\/\/bettytalks.com\/\",\"name\":\"bettytalks\",\"description\":\"\u0130\u00e7inizi \u0131s\u0131tan her \u015fey gibi: Zarif ve ilham dolu\",\"potentialAction\":[{\"@type\":\"SearchAction\",\"target\":{\"@type\":\"EntryPoint\",\"urlTemplate\":\"https:\/\/bettytalks.com\/?s={search_term_string}\"},\"query-input\":{\"@type\":\"PropertyValueSpecification\",\"valueRequired\":true,\"valueName\":\"search_term_string\"}}],\"inLanguage\":\"tr\"},{\"@type\":\"Person\",\"@id\":\"https:\/\/bettytalks.com\/#\/schema\/person\/caff09b62c6ce956501d8b353fe4d922\",\"name\":\"admin\",\"image\":{\"@type\":\"ImageObject\",\"inLanguage\":\"tr\",\"@id\":\"https:\/\/bettytalks.com\/#\/schema\/person\/image\/\",\"url\":\"https:\/\/secure.gravatar.com\/avatar\/13de82621317e689218440d3a88a65d95e484350dacd7e83563eaa856f8d2b0a?s=96&d=mm&r=g\",\"contentUrl\":\"https:\/\/secure.gravatar.com\/avatar\/13de82621317e689218440d3a88a65d95e484350dacd7e83563eaa856f8d2b0a?s=96&d=mm&r=g\",\"caption\":\"admin\"},\"sameAs\":[\"https:\/\/bettytalks.com\"],\"url\":\"https:\/\/bettytalks.com\/?author=1\"}]}<\/script>\n<!-- \/ Yoast SEO plugin. -->","yoast_head_json":{"title":"Jane Birkin - bettytalks","robots":{"index":"index","follow":"follow","max-snippet":"max-snippet:-1","max-image-preview":"max-image-preview:large","max-video-preview":"max-video-preview:-1"},"canonical":"https:\/\/bettytalks.com\/?p=86","og_locale":"tr_TR","og_type":"article","og_title":"Jane Birkin - bettytalks","og_description":"Jane Birkin: Do\u011fall\u0131\u011f\u0131n G\u00fcc\u00fc ve Bir \u00c7antan\u0131n Do\u011fu\u015fu Yaz\u0131: Bet\u00fcl Yurda\u00fcn Bir stil ikonunun mutlaka g\u00f6steri\u015fli olmas\u0131 gerekmez. Hatta bazen en g\u00fc\u00e7l\u00fc etki, sessizlikten gelir. Jane Birkin\u2019in giyinme \u015fekli, konu\u015fma tarz\u0131, hatta sokakta y\u00fcr\u00fcy\u00fc\u015f\u00fc bile g\u00f6steri\u015fsizli\u011fin bir zarafete nas\u0131l d\u00f6n\u00fc\u015febilece\u011fini kan\u0131tl\u0131yor. 70\u2019lerin Paris sokaklar\u0131nda, da\u011f\u0131n\u0131k sa\u00e7lar\u0131 ve has\u0131r sepetiyle dola\u015fan bu \u0130ngiliz kad\u0131n\u0131, Fransa\u2019n\u0131n kolektif &hellip;","og_url":"https:\/\/bettytalks.com\/?p=86","og_site_name":"bettytalks","article_published_time":"2025-07-20T11:17:39+00:00","article_modified_time":"2025-07-20T11:17:41+00:00","og_image":[{"width":1664,"height":1080,"url":"https:\/\/bettytalks.com\/wp-content\/uploads\/2025\/07\/hermes.webp","type":"image\/webp"}],"author":"admin","twitter_card":"summary_large_image","twitter_misc":{"Yazan:":"admin","Tahmini okuma s\u00fcresi":"3 dakika"},"schema":{"@context":"https:\/\/schema.org","@graph":[{"@type":"WebPage","@id":"https:\/\/bettytalks.com\/?p=86","url":"https:\/\/bettytalks.com\/?p=86","name":"Jane Birkin - bettytalks","isPartOf":{"@id":"https:\/\/bettytalks.com\/#website"},"primaryImageOfPage":{"@id":"https:\/\/bettytalks.com\/?p=86#primaryimage"},"image":{"@id":"https:\/\/bettytalks.com\/?p=86#primaryimage"},"thumbnailUrl":"https:\/\/bettytalks.com\/wp-content\/uploads\/2025\/07\/hermes.webp","datePublished":"2025-07-20T11:17:39+00:00","dateModified":"2025-07-20T11:17:41+00:00","author":{"@id":"https:\/\/bettytalks.com\/#\/schema\/person\/caff09b62c6ce956501d8b353fe4d922"},"breadcrumb":{"@id":"https:\/\/bettytalks.com\/?p=86#breadcrumb"},"inLanguage":"tr","potentialAction":[{"@type":"ReadAction","target":["https:\/\/bettytalks.com\/?p=86"]}]},{"@type":"ImageObject","inLanguage":"tr","@id":"https:\/\/bettytalks.com\/?p=86#primaryimage","url":"https:\/\/bettytalks.com\/wp-content\/uploads\/2025\/07\/hermes.webp","contentUrl":"https:\/\/bettytalks.com\/wp-content\/uploads\/2025\/07\/hermes.webp","width":1664,"height":1080},{"@type":"BreadcrumbList","@id":"https:\/\/bettytalks.com\/?p=86#breadcrumb","itemListElement":[{"@type":"ListItem","position":1,"name":"Anasayfa","item":"https:\/\/bettytalks.com\/"},{"@type":"ListItem","position":2,"name":"Jane Birkin"}]},{"@type":"WebSite","@id":"https:\/\/bettytalks.com\/#website","url":"https:\/\/bettytalks.com\/","name":"bettytalks","description":"\u0130\u00e7inizi \u0131s\u0131tan her \u015fey gibi: Zarif ve ilham dolu","potentialAction":[{"@type":"SearchAction","target":{"@type":"EntryPoint","urlTemplate":"https:\/\/bettytalks.com\/?s={search_term_string}"},"query-input":{"@type":"PropertyValueSpecification","valueRequired":true,"valueName":"search_term_string"}}],"inLanguage":"tr"},{"@type":"Person","@id":"https:\/\/bettytalks.com\/#\/schema\/person\/caff09b62c6ce956501d8b353fe4d922","name":"admin","image":{"@type":"ImageObject","inLanguage":"tr","@id":"https:\/\/bettytalks.com\/#\/schema\/person\/image\/","url":"https:\/\/secure.gravatar.com\/avatar\/13de82621317e689218440d3a88a65d95e484350dacd7e83563eaa856f8d2b0a?s=96&d=mm&r=g","contentUrl":"https:\/\/secure.gravatar.com\/avatar\/13de82621317e689218440d3a88a65d95e484350dacd7e83563eaa856f8d2b0a?s=96&d=mm&r=g","caption":"admin"},"sameAs":["https:\/\/bettytalks.com"],"url":"https:\/\/bettytalks.com\/?author=1"}]}},"jetpack_featured_media_url":"https:\/\/bettytalks.com\/wp-content\/uploads\/2025\/07\/hermes.webp","jetpack_sharing_enabled":true,"_links":{"self":[{"href":"https:\/\/bettytalks.com\/index.php?rest_route=\/wp\/v2\/posts\/86","targetHints":{"allow":["GET"]}}],"collection":[{"href":"https:\/\/bettytalks.com\/index.php?rest_route=\/wp\/v2\/posts"}],"about":[{"href":"https:\/\/bettytalks.com\/index.php?rest_route=\/wp\/v2\/types\/post"}],"author":[{"embeddable":true,"href":"https:\/\/bettytalks.com\/index.php?rest_route=\/wp\/v2\/users\/1"}],"replies":[{"embeddable":true,"href":"https:\/\/bettytalks.com\/index.php?rest_route=%2Fwp%2Fv2%2Fcomments&post=86"}],"version-history":[{"count":1,"href":"https:\/\/bettytalks.com\/index.php?rest_route=\/wp\/v2\/posts\/86\/revisions"}],"predecessor-version":[{"id":89,"href":"https:\/\/bettytalks.com\/index.php?rest_route=\/wp\/v2\/posts\/86\/revisions\/89"}],"wp:featuredmedia":[{"embeddable":true,"href":"https:\/\/bettytalks.com\/index.php?rest_route=\/wp\/v2\/media\/88"}],"wp:attachment":[{"href":"https:\/\/bettytalks.com\/index.php?rest_route=%2Fwp%2Fv2%2Fmedia&parent=86"}],"wp:term":[{"taxonomy":"category","embeddable":true,"href":"https:\/\/bettytalks.com\/index.php?rest_route=%2Fwp%2Fv2%2Fcategories&post=86"},{"taxonomy":"post_tag","embeddable":true,"href":"https:\/\/bettytalks.com\/index.php?rest_route=%2Fwp%2Fv2%2Ftags&post=86"}],"curies":[{"name":"wp","href":"https:\/\/api.w.org\/{rel}","templated":true}]}}